{"id":59,"name":"Rafael Carvalho de Oliveira","url":"https:\/\/www.oliraf.com","description":"Rafael Oliveira \u00e9 o autor do <a href=\"https:\/\/oliraf.com\">Blogue OLIRAF<\/a>.  OLIRAF concilia o gosto pelas est\u00f3rias da Hist\u00f3ria, da Fotografia e das Viagens.  \u00c9 um \"travel blogger\" que presta uma aten\u00e7\u00e3o muito especial ao patrim\u00f3nio hist\u00f3rico-militar.","link":"https:\/\/www.abvp.pt\/en\/author\/blogueoliraf\/","slug":"blogueoliraf","avatar_urls":{"24":"https:\/\/secure.gravatar.com\/avatar\/a1a02fa52e7a37a5d8fd794bbea43c7a?s=24&d=mm&r=g","48":"https:\/\/secure.gravatar.com\/avatar\/a1a02fa52e7a37a5d8fd794bbea43c7a?s=48&d=mm&r=g","96":"https:\/\/secure.gravatar.com\/avatar\/a1a02fa52e7a37a5d8fd794bbea43c7a?s=96&d=mm&r=g"},"meta":[],"yoast_head":"<!-- This site is optimized with the Yoast SEO plugin v26.4 - https:\/\/yoast.com\/wordpress\/plugins\/seo\/ -->\n<title>Rafael Carvalho de Oliveira, autor em ABVP<\/title>\n<meta name=\"robots\" content=\"index, follow, max-snippet:-1, max-image-preview:large, max-video-preview:-1\" \/>\n<link rel=\"canonical\" href=\"https:\/\/www.abvp.pt\/en\/author\/blogueoliraf\/\" \/>\n<meta property=\"og:locale\" content=\"en_GB\" \/>\n<meta property=\"og:type\" content=\"profile\" \/>\n<meta property=\"og:title\" content=\"Rafael Carvalho de Oliveira, autor em ABVP\" \/>\n<meta property=\"og:url\" content=\"https:\/\/www.abvp.pt\/en\/author\/blogueoliraf\/\" \/>\n<meta property=\"og:site_name\" content=\"ABVP\" \/>\n<meta property=\"og:image\" content=\"https:\/\/www.abvp.pt\/wp-content\/litespeed\/avatar\/40ff6a29e74ff33c0c86d4dcf9b8e4a8.jpg\" \/>\n<meta name=\"twitter:card\" content=\"summary_large_image\" \/>\n<meta name=\"twitter:site\" content=\"@abvppt\" \/>\n<script type=\"application\/ld+json\" class=\"yoast-schema-graph\">{\"@context\":\"https:\/\/schema.org\",\"@graph\":[{\"@type\":\"ProfilePage\",\"@id\":\"https:\/\/www.abvp.pt\/author\/blogueoliraf\/\",\"url\":\"https:\/\/www.abvp.pt\/author\/blogueoliraf\/\",\"name\":\"Rafael Carvalho de Oliveira, autor em ABVP\",\"isPartOf\":{\"@id\":\"https:\/\/www.abvp.pt\/#website\"},\"breadcrumb\":{\"@id\":\"https:\/\/www.abvp.pt\/author\/blogueoliraf\/#breadcrumb\"},\"inLanguage\":\"en-GB\",\"potentialAction\":[{\"@type\":\"ReadAction\",\"target\":[\"https:\/\/www.abvp.pt\/author\/blogueoliraf\/\"]}]},{\"@type\":\"BreadcrumbList\",\"@id\":\"https:\/\/www.abvp.pt\/author\/blogueoliraf\/#breadcrumb\",\"itemListElement\":[{\"@type\":\"ListItem\",\"position\":1,\"name\":\"In\u00edcio\",\"item\":\"https:\/\/www.abvp.pt\/\"},{\"@type\":\"ListItem\",\"position\":2,\"name\":\"Arquivo de Rafael Carvalho de Oliveira\"}]},{\"@type\":\"WebSite\",\"@id\":\"https:\/\/www.abvp.pt\/#website\",\"url\":\"https:\/\/www.abvp.pt\/\",\"name\":\"ABVP\",\"description\":\"Associa\u00e7\u00e3o de Bloggers de Viagem Portugueses\",\"publisher\":{\"@id\":\"https:\/\/www.abvp.pt\/#organization\"},\"potentialAction\":[{\"@type\":\"SearchAction\",\"target\":{\"@type\":\"EntryPoint\",\"urlTemplate\":\"https:\/\/www.abvp.pt\/?s={search_term_string}\"},\"query-input\":{\"@type\":\"PropertyValueSpecification\",\"valueRequired\":true,\"valueName\":\"search_term_string\"}}],\"inLanguage\":\"en-GB\"},{\"@type\":\"Organization\",\"@id\":\"https:\/\/www.abvp.pt\/#organization\",\"name\":\"ABVP\",\"url\":\"https:\/\/www.abvp.pt\/\",\"logo\":{\"@type\":\"ImageObject\",\"inLanguage\":\"en-GB\",\"@id\":\"https:\/\/www.abvp.pt\/#\/schema\/logo\/image\/\",\"url\":\"https:\/\/www.abvp.pt\/wp-content\/uploads\/Logo-Header-dark.svg\",\"contentUrl\":\"https:\/\/www.abvp.pt\/wp-content\/uploads\/Logo-Header-dark.svg\",\"width\":325,\"height\":48,\"caption\":\"ABVP\"},\"image\":{\"@id\":\"https:\/\/www.abvp.pt\/#\/schema\/logo\/image\/\"},\"sameAs\":[\"https:\/\/www.facebook.com\/abvppt\/\",\"https:\/\/x.com\/abvppt\",\"https:\/\/www.instagram.com\/abvppt\/\"]},{\"@type\":\"Person\",\"@id\":\"https:\/\/www.abvp.pt\/#\/schema\/person\/42b148dfd4bf65edbbf74d9dfb03822b\",\"name\":\"Rafael Carvalho de Oliveira\",\"image\":{\"@type\":\"ImageObject\",\"inLanguage\":\"en-GB\",\"@id\":\"https:\/\/www.abvp.pt\/#\/schema\/person\/image\/\",\"url\":\"https:\/\/secure.gravatar.com\/avatar\/a1a02fa52e7a37a5d8fd794bbea43c7a?s=96&d=mm&r=g\",\"contentUrl\":\"https:\/\/secure.gravatar.com\/avatar\/a1a02fa52e7a37a5d8fd794bbea43c7a?s=96&d=mm&r=g\",\"caption\":\"Rafael Carvalho de Oliveira\"},\"description\":\"Rafael Oliveira \u00e9 o autor do Blogue OLIRAF. OLIRAF concilia o gosto pelas est\u00f3rias da Hist\u00f3ria, da Fotografia e das Viagens. \u00c9 um \\\"travel blogger\\\" que presta uma aten\u00e7\u00e3o muito especial ao patrim\u00f3nio hist\u00f3rico-militar.\",\"sameAs\":[\"https:\/\/www.oliraf.com\",\"https:\/\/www.facebook.com\/oliraffotografia\",\"https:\/\/www.instagram.com\/oliraffotografia\"],\"mainEntityOfPage\":{\"@id\":\"https:\/\/www.abvp.pt\/author\/blogueoliraf\/\"}}]}<\/script>\n<!-- \/ Yoast SEO plugin. -->","yoast_head_json":{"title":"Rafael Carvalho de Oliveira, autor em ABVP","robots":{"index":"index","follow":"follow","max-snippet":"max-snippet:-1","max-image-preview":"max-image-preview:large","max-video-preview":"max-video-preview:-1"},"canonical":"https:\/\/www.abvp.pt\/en\/author\/blogueoliraf\/","og_locale":"en_GB","og_type":"profile","og_title":"Rafael Carvalho de Oliveira, autor em ABVP","og_url":"https:\/\/www.abvp.pt\/en\/author\/blogueoliraf\/","og_site_name":"ABVP","og_image":[{"url":"https:\/\/www.abvp.pt\/wp-content\/litespeed\/avatar\/40ff6a29e74ff33c0c86d4dcf9b8e4a8.jpg","type":"","width":"","height":""}],"twitter_card":"summary_large_image","twitter_site":"@abvppt","schema":{"@context":"https:\/\/schema.org","@graph":[{"@type":"ProfilePage","@id":"https:\/\/www.abvp.pt\/author\/blogueoliraf\/","url":"https:\/\/www.abvp.pt\/author\/blogueoliraf\/","name":"Rafael Carvalho de Oliveira, autor em ABVP","isPartOf":{"@id":"https:\/\/www.abvp.pt\/#website"},"breadcrumb":{"@id":"https:\/\/www.abvp.pt\/author\/blogueoliraf\/#breadcrumb"},"inLanguage":"en-GB","potentialAction":[{"@type":"ReadAction","target":["https:\/\/www.abvp.pt\/author\/blogueoliraf\/"]}]},{"@type":"BreadcrumbList","@id":"https:\/\/www.abvp.pt\/author\/blogueoliraf\/#breadcrumb","itemListElement":[{"@type":"ListItem","position":1,"name":"In\u00edcio","item":"https:\/\/www.abvp.pt\/"},{"@type":"ListItem","position":2,"name":"Arquivo de Rafael Carvalho de Oliveira"}]},{"@type":"WebSite","@id":"https:\/\/www.abvp.pt\/#website","url":"https:\/\/www.abvp.pt\/","name":"ABVP","description":"Associa\u00e7\u00e3o de Bloggers de Viagem Portugueses","publisher":{"@id":"https:\/\/www.abvp.pt\/#organization"},"potentialAction":[{"@type":"SearchAction","target":{"@type":"EntryPoint","urlTemplate":"https:\/\/www.abvp.pt\/?s={search_term_string}"},"query-input":{"@type":"PropertyValueSpecification","valueRequired":true,"valueName":"search_term_string"}}],"inLanguage":"en-GB"},{"@type":"Organization","@id":"https:\/\/www.abvp.pt\/#organization","name":"ABVP","url":"https:\/\/www.abvp.pt\/","logo":{"@type":"ImageObject","inLanguage":"en-GB","@id":"https:\/\/www.abvp.pt\/#\/schema\/logo\/image\/","url":"https:\/\/www.abvp.pt\/wp-content\/uploads\/Logo-Header-dark.svg","contentUrl":"https:\/\/www.abvp.pt\/wp-content\/uploads\/Logo-Header-dark.svg","width":325,"height":48,"caption":"ABVP"},"image":{"@id":"https:\/\/www.abvp.pt\/#\/schema\/logo\/image\/"},"sameAs":["https:\/\/www.facebook.com\/abvppt\/","https:\/\/x.com\/abvppt","https:\/\/www.instagram.com\/abvppt\/"]},{"@type":"Person","@id":"https:\/\/www.abvp.pt\/#\/schema\/person\/42b148dfd4bf65edbbf74d9dfb03822b","name":"Rafael Carvalho de Oliveira","image":{"@type":"ImageObject","inLanguage":"en-GB","@id":"https:\/\/www.abvp.pt\/#\/schema\/person\/image\/","url":"https:\/\/secure.gravatar.com\/avatar\/a1a02fa52e7a37a5d8fd794bbea43c7a?s=96&d=mm&r=g","contentUrl":"https:\/\/secure.gravatar.com\/avatar\/a1a02fa52e7a37a5d8fd794bbea43c7a?s=96&d=mm&r=g","caption":"Rafael Carvalho de Oliveira"},"description":"Rafael Oliveira \u00e9 o autor do Blogue OLIRAF. OLIRAF concilia o gosto pelas est\u00f3rias da Hist\u00f3ria, da Fotografia e das Viagens. \u00c9 um \"travel blogger\" que presta uma aten\u00e7\u00e3o muito especial ao patrim\u00f3nio hist\u00f3rico-militar.","sameAs":["https:\/\/www.oliraf.com","https:\/\/www.facebook.com\/oliraffotografia","https:\/\/www.instagram.com\/oliraffotografia"],"mainEntityOfPage":{"@id":"https:\/\/www.abvp.pt\/author\/blogueoliraf\/"}}]}},"is_super_admin":false,"woocommerce_meta":{"variable_product_tour_shown":"","activity_panel_inbox_last_read":"","activity_panel_reviews_last_read":"","categories_report_columns":"","coupons_report_columns":"","customers_report_columns":"","orders_report_columns":"","products_report_columns":"","revenue_report_columns":"","taxes_report_columns":"","variations_report_columns":"","dashboard_sections":"","dashboard_chart_type":"","dashboard_chart_interval":"","dashboard_leaderboard_rows":"","order_attribution_install_banner_dismissed":"","homepage_layout":"","homepage_stats":"","task_list_tracked_started_tasks":"","android_app_banner_dismissed":"","launch_your_store_tour_hidden":"","coming_soon_banner_dismissed":""},"elementor_introduction":"","_links":{"self":[{"href":"https:\/\/www.abvp.pt\/en\/wp-json\/wp\/v2\/users\/59","targetHints":{"allow":["GET"]}}],"collection":[{"href":"https:\/\/www.abvp.pt\/en\/wp-json\/wp\/v2\/users"}]}}